{"id":231,"date":"2016-01-23T12:00:08","date_gmt":"2016-01-23T11:00:08","guid":{"rendered":"http:\/\/2018.strukturpolitik.org\/?p=231"},"modified":"2018-01-17T18:41:46","modified_gmt":"2018-01-17T17:41:46","slug":"fruehjahrstagung-2016-industrie-4-0","status":"publish","type":"post","link":"https:\/\/strukturpolitik.org\/?p=231","title":{"rendered":"Fr\u00fchjahrstagung 2016: Industrie 4.0"},"content":{"rendered":"<p>Das Fr\u00fchjahrstreffen der Gesellschaft f\u00fcr Strukturpolitik fand am 22. (Fachtagung) und 23. Januar 2016 (Mitgliederversammlung) in Wuppertal statt. Im Mittelpunkt des Jahrestreffens stand eine Podiumsdiskussion zum<span style=\"font-size: 1rem; line-height: 1.66;\">\u00a0Thema &#8222;Industrie 4.0&#8220; mit\u00a0<\/span>folgenden Leitfragen:<b><a name=\"_GoBack\"><\/a><\/b><\/p>\n<div class=\"indent\">\n<div class=\"indent\">\n<ul>\n<li>Was ist das Neue an Industrie 4.0?<\/li>\n<li>Welche Konsequenzen f\u00fcr Produktions- und Arbeitsorganisation ergeben sich daraus?<\/li>\n<li>Welche Gesch\u00e4ftsmodelle liegen dem zugrunde?<\/li>\n<li>Welche r\u00e4umlichen Konsequenzen sind bisher absehbar?<\/li>\n<\/ul>\n<p>\u00dcber 20 Mitglieder und Besucher folgten der Einladung auf die kleine H\u00f6he in Wuppertal zu unserer Jahrestagung. Ein besonderer Dank gilt den Referenten:<\/p>\n<\/div>\n<\/div>\n<ul>\n<li>Wulf Noll (Ministerium f\u00fcr Wirtschaft, Energie, Industrie, Mittelstand und Handwerk des Landes Nordrhein-Westfalen)<\/li>\n<li>Achim Vanseloh (DGB Nordrhein-Westfalen)<\/li>\n<li>Prof. Dr. Clemens Faller (Campus Velbert\/Heiligenhaus der Hochschule Bochum)<\/li>\n<li>Nomo Braun (Agiplan GmbH)<\/li>\n<\/ul>\n","protected":false},"excerpt":{"rendered":"<p>Das Fr\u00fchjahrstreffen der Gesellschaft f\u00fcr Strukturpolitik fand am 22. (Fachtagung) und 23. Januar 2016 (Mitgliederversammlung) in Wuppertal statt. Im Mittelpunkt des Jahrestreffens stand eine Podiumsdiskussion zum\u00a0Thema &#8222;Industrie 4.0&#8220; mit\u00a0folgenden Leitfragen: Was ist das Neue an Industrie 4.0? Welche Konsequenzen f\u00fcr Produktions- und Arbeitsorganisation ergeben sich daraus? Welche Gesch\u00e4ftsmodelle liegen dem zugrunde? Welche r\u00e4umlichen Konsequenzen sind &hellip; <\/p>\n<p class=\"link-more\"><a href=\"https:\/\/strukturpolitik.org\/?p=231\" class=\"more-link\"><span class=\"screen-reader-text\">\u201eFr\u00fchjahrstagung 2016: Industrie 4.0\u201c <\/span>weiterlesen<\/a><\/p>\n","protected":false},"author":1,"featured_media":335,"comment_status":"closed","ping_status":"open","sticky":false,"template":"","format":"standard","meta":{"jetpack_post_was_ever_published":false,"_jetpack_newsletter_access":"","_jetpack_dont_email_post_to_subs":false,"_jetpack_newsletter_tier_id":0,"_jetpack_memberships_contains_paywalled_content":false,"_jetpack_memberships_contains_paid_content":false,"footnotes":""},"categories":[13],"tags":[21,31,16,20,30,19],"class_list":["post-231","post","type-post","status-publish","format-standard","has-post-thumbnail","hentry","category-veranstaltungen","tag-digitalisierung","tag-fachkraefte","tag-jahrestagung","tag-industrie-4-0","tag-innovation","tag-wirtschaftsfoerderung"],"jetpack_featured_media_url":"https:\/\/strukturpolitik.org\/wp-content\/uploads\/2016\/01\/Fruehjahrstreffen2016.png","jetpack_shortlink":"https:\/\/wp.me\/p9D9ML-3J","jetpack_sharing_enabled":true,"_links":{"self":[{"href":"https:\/\/strukturpolitik.org\/index.php?rest_route=\/wp\/v2\/posts\/231","targetHints":{"allow":["GET"]}}],"collection":[{"href":"https:\/\/strukturpolitik.org\/index.php?rest_route=\/wp\/v2\/posts"}],"about":[{"href":"https:\/\/strukturpolitik.org\/index.php?rest_route=\/wp\/v2\/types\/post"}],"author":[{"embeddable":true,"href":"https:\/\/strukturpolitik.org\/index.php?rest_route=\/wp\/v2\/users\/1"}],"replies":[{"embeddable":true,"href":"https:\/\/strukturpolitik.org\/index.php?rest_route=%2Fwp%2Fv2%2Fcomments&post=231"}],"version-history":[{"count":6,"href":"https:\/\/strukturpolitik.org\/index.php?rest_route=\/wp\/v2\/posts\/231\/revisions"}],"predecessor-version":[{"id":369,"href":"https:\/\/strukturpolitik.org\/index.php?rest_route=\/wp\/v2\/posts\/231\/revisions\/369"}],"wp:featuredmedia":[{"embeddable":true,"href":"https:\/\/strukturpolitik.org\/index.php?rest_route=\/wp\/v2\/media\/335"}],"wp:attachment":[{"href":"https:\/\/strukturpolitik.org\/index.php?rest_route=%2Fwp%2Fv2%2Fmedia&parent=231"}],"wp:term":[{"taxonomy":"category","embeddable":true,"href":"https:\/\/strukturpolitik.org\/index.php?rest_route=%2Fwp%2Fv2%2Fcategories&post=231"},{"taxonomy":"post_tag","embeddable":true,"href":"https:\/\/strukturpolitik.org\/index.php?rest_route=%2Fwp%2Fv2%2Ftags&post=231"}],"curies":[{"name":"wp","href":"https:\/\/api.w.org\/{rel}","templated":true}]}}