{"id":3617,"date":"2026-02-28T21:49:42","date_gmt":"2026-02-28T20:49:42","guid":{"rendered":"https:\/\/strukturpolitik.org\/?p=3617"},"modified":"2026-03-10T21:28:33","modified_gmt":"2026-03-10T20:28:33","slug":"gfs-vor-ort-bei-der-regionale-suedwestfalen-wasserstoff-strukturpolitik-und-die-emscher-lippe-region","status":"publish","type":"post","link":"https:\/\/strukturpolitik.org\/?p=3617","title":{"rendered":"GfS vor Ort bei der REGIONALE S\u00fcdwestfalen: &#8222;Der s\u00fcdwestf\u00e4lische Weg&#8220;"},"content":{"rendered":"\n<p class=\"has-drop-cap\"><strong>Im Nachgang zur Jahrestagung in Bochum lud uns die S\u00fcdwestfalen Agentur am 27. und 28. Februar 2026 zu einer Fachexkursion ein. Ziel war es, die aktuellen Entwicklungen der REGIONALE 2025 im Austausch mit Akteuren vor Ort zu analysieren. S\u00fcdwestfalen, das bereits 2013 Austragungsort war, nutzt dieses strukturpolitische Instrument des Landes Nordrhein-Westfalen zum zweiten Mal, um regionale Kooperationen und innovative Projektans\u00e4tze zu b\u00fcndeln.<\/strong><\/p>\n\n\n\n<!--more-->\n\n\n\n<h2 class=\"wp-block-heading\">Station 1: \u201eDer s\u00fcdwestf\u00e4lische Weg\u201c \u2013 Kooperation als Strukturprinzip<\/h2>\n\n\n\n<p>Auftakt der Exkursion war das ZukunftsLab der S\u00fcdwestfalen Agentur in Olpe. Landrat Theo Melcher (Kreis Olpe), Gesch\u00e4ftsf\u00fchrer Hubertus Winterberg sowie Dr. Stephanie Arens (Leitung REGIONALE 2025) stellten die Entstehung, Organisation und strategische Ausrichtung der regionalen Zusammenarbeit vor.<\/p>\n\n\n\n<figure class=\"wp-block-image size-large\"><img loading=\"lazy\" decoding=\"async\" width=\"1600\" height=\"1200\" data-attachment-id=\"3658\" data-permalink=\"https:\/\/strukturpolitik.org\/?attachment_id=3658\" data-orig-file=\"https:\/\/strukturpolitik.org\/wp-content\/uploads\/2026\/03\/20260227_111409-scaled.jpg\" data-orig-size=\"2560,1920\" data-comments-opened=\"0\" data-image-meta=\"{&quot;aperture&quot;:&quot;2.2&quot;,&quot;credit&quot;:&quot;&quot;,&quot;camera&quot;:&quot;SM-G970F&quot;,&quot;caption&quot;:&quot;&quot;,&quot;created_timestamp&quot;:&quot;1772190849&quot;,&quot;copyright&quot;:&quot;&quot;,&quot;focal_length&quot;:&quot;1.8&quot;,&quot;iso&quot;:&quot;50&quot;,&quot;shutter_speed&quot;:&quot;0.02&quot;,&quot;title&quot;:&quot;&quot;,&quot;orientation&quot;:&quot;1&quot;}\" data-image-title=\"20260227_111409\" data-image-description=\"\" data-image-caption=\"\" data-large-file=\"https:\/\/strukturpolitik.org\/wp-content\/uploads\/2026\/03\/20260227_111409-1600x1200.jpg\" src=\"https:\/\/strukturpolitik.org\/wp-content\/uploads\/2026\/03\/20260227_111409-1600x1200.jpg\" alt=\"\" class=\"wp-image-3658\" srcset=\"https:\/\/strukturpolitik.org\/wp-content\/uploads\/2026\/03\/20260227_111409-1600x1200.jpg 1600w, https:\/\/strukturpolitik.org\/wp-content\/uploads\/2026\/03\/20260227_111409-300x225.jpg 300w, https:\/\/strukturpolitik.org\/wp-content\/uploads\/2026\/03\/20260227_111409-768x576.jpg 768w, https:\/\/strukturpolitik.org\/wp-content\/uploads\/2026\/03\/20260227_111409-1536x1152.jpg 1536w, https:\/\/strukturpolitik.org\/wp-content\/uploads\/2026\/03\/20260227_111409-2048x1536.jpg 2048w\" sizes=\"auto, (max-width: 767px) 89vw, (max-width: 1000px) 54vw, (max-width: 1071px) 543px, 580px\" \/><\/figure>\n\n\n\n<p>Die heutige Struktur geht auf fr\u00fchere Kooperationsformen \u2013 etwa im Tourismus und im Rettungswesen \u2013 zur\u00fcck. Mit der REGIONALE 2013 wurde die Agentur als dauerhafte Strukturgesellschaft etabliert. Gesellschafter sind die f\u00fcnf Kreise und 59 Kommunen sowie der Verein \u201eWirtschaft f\u00fcr S\u00fcdwestfalen e.V.\u201c mit rund 440 unternehmerischen Mitgliedern. Dieses institutionalisierte Zusammenspiel von Politik, Verwaltung und Wirtschaft gilt als zentrales Merkmal des \u201es\u00fcdwestf\u00e4lischen Wegs\u201c.<\/p>\n\n\n\n<figure class=\"wp-block-image size-large\"><img loading=\"lazy\" decoding=\"async\" width=\"1600\" height=\"1200\" data-attachment-id=\"3663\" data-permalink=\"https:\/\/strukturpolitik.org\/?attachment_id=3663\" data-orig-file=\"https:\/\/strukturpolitik.org\/wp-content\/uploads\/2026\/03\/20260227_113522-scaled.jpg\" data-orig-size=\"2560,1920\" data-comments-opened=\"0\" data-image-meta=\"{&quot;aperture&quot;:&quot;2.4&quot;,&quot;credit&quot;:&quot;&quot;,&quot;camera&quot;:&quot;SM-G970F&quot;,&quot;caption&quot;:&quot;&quot;,&quot;created_timestamp&quot;:&quot;1772192122&quot;,&quot;copyright&quot;:&quot;&quot;,&quot;focal_length&quot;:&quot;4.32&quot;,&quot;iso&quot;:&quot;64&quot;,&quot;shutter_speed&quot;:&quot;0.01&quot;,&quot;title&quot;:&quot;&quot;,&quot;orientation&quot;:&quot;1&quot;}\" data-image-title=\"20260227_113522\" data-image-description=\"\" data-image-caption=\"\" data-large-file=\"https:\/\/strukturpolitik.org\/wp-content\/uploads\/2026\/03\/20260227_113522-1600x1200.jpg\" src=\"https:\/\/strukturpolitik.org\/wp-content\/uploads\/2026\/03\/20260227_113522-1600x1200.jpg\" alt=\"\" class=\"wp-image-3663\" srcset=\"https:\/\/strukturpolitik.org\/wp-content\/uploads\/2026\/03\/20260227_113522-1600x1200.jpg 1600w, https:\/\/strukturpolitik.org\/wp-content\/uploads\/2026\/03\/20260227_113522-300x225.jpg 300w, https:\/\/strukturpolitik.org\/wp-content\/uploads\/2026\/03\/20260227_113522-768x576.jpg 768w, https:\/\/strukturpolitik.org\/wp-content\/uploads\/2026\/03\/20260227_113522-1536x1152.jpg 1536w, https:\/\/strukturpolitik.org\/wp-content\/uploads\/2026\/03\/20260227_113522-2048x1536.jpg 2048w\" sizes=\"auto, (max-width: 767px) 89vw, (max-width: 1000px) 54vw, (max-width: 1071px) 543px, 580px\" \/><\/figure>\n\n\n\n<p>Mit der Vision 2030 f\u00fcr S\u00fcdwestfalen besteht eine strategische Grundlage, die Region als<\/p>\n\n\n\n<ul class=\"wp-block-list\">\n<li>st\u00e4rkste Industrieregion Deutschlands,<\/li>\n\n\n\n<li>bundesweit anerkanntes Kooperationsmodell und<\/li>\n\n\n\n<li>Inbegriff guten Lebens und Arbeitens<\/li>\n<\/ul>\n\n\n\n<p>aufzustellen. Mit dem Leitmotiv <strong>\u201eStarke Wurzeln, klare Visionen\u201c<\/strong> verfolgt die REGIONALE 2025 das Ziel, Projekte mit der S\u00fcdwestfalen DNA (digital \u2013 nachhaltig \u2013 authentisch) f\u00fcr die Region zu entwickeln, um Antworten auf Zukunftsherausforderungen zu geben. Mehr als 50 Projekte in unterschiedlichen Themenbereichen sind entstanden und in Umsetzung. Das F\u00f6rdervolumen der Projekte liegt bei etwa 130 Mio. Euro, erg\u00e4nzt um weitere Mittel u.a. aus dem Smart-Cities-Programm des Bundes.<\/p>\n\n\n\n<p>Hervorgehoben wurde die Bedeutung stabiler Kooperationsstrukturen, die auch in Phasen unklarer F\u00f6rderkulissen \u2013 etwa zwischen zwei EFRE-Perioden \u2013 handlungsf\u00e4hig blieben. Ein Landtagsbeschluss reservierte 5 % der EFRE-Mittel (rund 60 Mio. \u20ac F\u00f6rderung aus der EU und Landes-Kofinanzierung) f\u00fcr die drei nordrhein-westf\u00e4lischen Regionalen, die \u00fcber einen eigenen EFRE-Aufruf in den jeweiligen REGIONALEN abgerufen werden konnten. Dies war ein Novum der REGIONALE-F\u00f6rderung, die bislang ohne festes Budget auf bestehende F\u00f6rderkulissen zugegriffen hatte. Diese Planungssicherheit erwies sich als \u201eGamechanger\u201c f\u00fcr die Umsetzung wirtschafts- und digitalisierungsbezogener Projekte.<\/p>\n\n\n\n<hr class=\"wp-block-separator has-alpha-channel-opacity\"\/>\n\n\n\n<h2 class=\"wp-block-heading\">Regionalmarketing: \u201eS\u00fcdwestfalen \u2013 Alles echt!\u201c<\/h2>\n\n\n\n<p>Ein zweiter Schwerpunkt lag auf dem Regionalmarketing, den uns die Leiterin des Regionalmarketings Marie Ting vorstelle . Mit der Dachmarke \u201eS\u00fcdwestfalen \u2013 Alles echt!\u201c ist es gelungen, traditionelle Teilraumidentit\u00e4ten (Sauerland, Siegen-Wittgenstein) unter einer gemeinsamen Marke zu b\u00fcndeln.<\/p>\n\n\n\n<p>Instrumente reichen von Imagekampagnen (u. a. bundesweite PR-Formate) \u00fcber ein Online-Magazin bis hin zu innovativen Ans\u00e4tzen wie dem \u201eGap Year S\u00fcdwestfalen\u201c, das Schulabg\u00e4ngerinnen und -abg\u00e4ngern ein regional verankertes Orientierungsjahr mit drei Praktika erm\u00f6glicht.<\/p>\n\n\n\n<figure class=\"wp-block-image size-large\"><img loading=\"lazy\" decoding=\"async\" width=\"1600\" height=\"1200\" data-attachment-id=\"3665\" data-permalink=\"https:\/\/strukturpolitik.org\/?attachment_id=3665\" data-orig-file=\"https:\/\/strukturpolitik.org\/wp-content\/uploads\/2026\/03\/20260227_105629-scaled.jpg\" data-orig-size=\"2560,1920\" data-comments-opened=\"0\" data-image-meta=\"{&quot;aperture&quot;:&quot;2.2&quot;,&quot;credit&quot;:&quot;&quot;,&quot;camera&quot;:&quot;SM-G970F&quot;,&quot;caption&quot;:&quot;&quot;,&quot;created_timestamp&quot;:&quot;1772189789&quot;,&quot;copyright&quot;:&quot;&quot;,&quot;focal_length&quot;:&quot;1.8&quot;,&quot;iso&quot;:&quot;50&quot;,&quot;shutter_speed&quot;:&quot;0.0040650406504065&quot;,&quot;title&quot;:&quot;&quot;,&quot;orientation&quot;:&quot;1&quot;}\" data-image-title=\"20260227_105629\" data-image-description=\"\" data-image-caption=\"\" data-large-file=\"https:\/\/strukturpolitik.org\/wp-content\/uploads\/2026\/03\/20260227_105629-1600x1200.jpg\" src=\"https:\/\/strukturpolitik.org\/wp-content\/uploads\/2026\/03\/20260227_105629-1600x1200.jpg\" alt=\"\" class=\"wp-image-3665\" srcset=\"https:\/\/strukturpolitik.org\/wp-content\/uploads\/2026\/03\/20260227_105629-1600x1200.jpg 1600w, https:\/\/strukturpolitik.org\/wp-content\/uploads\/2026\/03\/20260227_105629-300x225.jpg 300w, https:\/\/strukturpolitik.org\/wp-content\/uploads\/2026\/03\/20260227_105629-768x576.jpg 768w, https:\/\/strukturpolitik.org\/wp-content\/uploads\/2026\/03\/20260227_105629-1536x1152.jpg 1536w, https:\/\/strukturpolitik.org\/wp-content\/uploads\/2026\/03\/20260227_105629-2048x1536.jpg 2048w\" sizes=\"auto, (max-width: 767px) 89vw, (max-width: 1000px) 54vw, (max-width: 1071px) 543px, 580px\" \/><\/figure>\n\n\n\n<p>Die anschlie\u00dfende Diskussion mit der GfS kreiste insbesondere um Fragen der Erfolgsmessung, der Bindung akademischer Fachkr\u00e4fte und der langfristigen Verstetigung der Kooperationsstrukturen \u00fcber das Pr\u00e4sentationsjahr 2025\/26 hinaus.<\/p>\n\n\n\n<hr class=\"wp-block-separator has-alpha-channel-opacity\"\/>\n\n\n\n<h2 class=\"wp-block-heading\">Station 2: GreenFactory und st\u00e4dtebauliche Transformation in Kreuztal<\/h2>\n\n\n\n<h3 class=\"wp-block-heading\">Konversionsprojekt \u201eHolz.Stahl.Digital\u201c<\/h3>\n\n\n\n<p>Auf dem ehemaligen Bender-Gel\u00e4nde in Kreuztal-Ferndorf wird eine rund drei Hektar gro\u00dfe Gewerbefl\u00e4che in ein gemischt genutztes Quartier mit 127 Wohneinheiten, gewerblichen Nutzungen und gemeinschaftlichen Angeboten transformiert. Stadtbaur\u00e4tin Christina Eckstein \u00f6ffnete uns die Geb\u00e4ude und Hallen und veranschaulichte die Herausforderungen und Chancen des Stadtentwicklungsvorhabens.<\/p>\n\n\n\n<figure class=\"wp-block-image size-full\"><img decoding=\"async\" data-attachment-id=\"3656\" data-permalink=\"https:\/\/strukturpolitik.org\/?attachment_id=3656\" data-orig-file=\"https:\/\/strukturpolitik.org\/wp-content\/uploads\/2026\/03\/20260227_151412-scaled.jpg\" data-orig-size=\"2560,1920\" data-comments-opened=\"0\" data-image-meta=\"{&quot;aperture&quot;:&quot;2.2&quot;,&quot;credit&quot;:&quot;&quot;,&quot;camera&quot;:&quot;SM-G970F&quot;,&quot;caption&quot;:&quot;&quot;,&quot;created_timestamp&quot;:&quot;1772205252&quot;,&quot;copyright&quot;:&quot;&quot;,&quot;focal_length&quot;:&quot;1.8&quot;,&quot;iso&quot;:&quot;50&quot;,&quot;shutter_speed&quot;:&quot;0.0018315018315018&quot;,&quot;title&quot;:&quot;&quot;,&quot;orientation&quot;:&quot;1&quot;}\" data-image-title=\"20260227_151412\" data-image-description=\"\" data-image-caption=\"\" data-large-file=\"https:\/\/strukturpolitik.org\/wp-content\/uploads\/2026\/03\/20260227_151412-1600x1200.jpg\" src=\"https:\/\/strukturpolitik.org\/wp-content\/uploads\/2026\/03\/20260227_151412.jpg\" alt=\"\" class=\"wp-image-3656\"\/><\/figure>\n\n\n\n<figure class=\"wp-block-image size-large\"><img loading=\"lazy\" decoding=\"async\" width=\"1600\" height=\"1200\" data-attachment-id=\"3672\" data-permalink=\"https:\/\/strukturpolitik.org\/?attachment_id=3672\" data-orig-file=\"https:\/\/strukturpolitik.org\/wp-content\/uploads\/2026\/03\/20260227_150907-scaled.jpg\" data-orig-size=\"2560,1920\" data-comments-opened=\"0\" data-image-meta=\"{&quot;aperture&quot;:&quot;2.2&quot;,&quot;credit&quot;:&quot;&quot;,&quot;camera&quot;:&quot;SM-G970F&quot;,&quot;caption&quot;:&quot;&quot;,&quot;created_timestamp&quot;:&quot;1772204947&quot;,&quot;copyright&quot;:&quot;&quot;,&quot;focal_length&quot;:&quot;1.8&quot;,&quot;iso&quot;:&quot;640&quot;,&quot;shutter_speed&quot;:&quot;0.03030303030303&quot;,&quot;title&quot;:&quot;&quot;,&quot;orientation&quot;:&quot;1&quot;}\" data-image-title=\"20260227_150907\" data-image-description=\"\" data-image-caption=\"\" data-large-file=\"https:\/\/strukturpolitik.org\/wp-content\/uploads\/2026\/03\/20260227_150907-1600x1200.jpg\" src=\"https:\/\/strukturpolitik.org\/wp-content\/uploads\/2026\/03\/20260227_150907-1600x1200.jpg\" alt=\"\" class=\"wp-image-3672\" srcset=\"https:\/\/strukturpolitik.org\/wp-content\/uploads\/2026\/03\/20260227_150907-1600x1200.jpg 1600w, https:\/\/strukturpolitik.org\/wp-content\/uploads\/2026\/03\/20260227_150907-300x225.jpg 300w, https:\/\/strukturpolitik.org\/wp-content\/uploads\/2026\/03\/20260227_150907-768x576.jpg 768w, https:\/\/strukturpolitik.org\/wp-content\/uploads\/2026\/03\/20260227_150907-1536x1152.jpg 1536w, https:\/\/strukturpolitik.org\/wp-content\/uploads\/2026\/03\/20260227_150907-2048x1536.jpg 2048w\" sizes=\"auto, (max-width: 767px) 89vw, (max-width: 1000px) 54vw, (max-width: 1071px) 543px, 580px\" \/><\/figure>\n\n\n\n<figure class=\"wp-block-image size-large\"><img loading=\"lazy\" decoding=\"async\" width=\"2000\" height=\"636\" data-attachment-id=\"3657\" data-permalink=\"https:\/\/strukturpolitik.org\/?attachment_id=3657\" data-orig-file=\"https:\/\/strukturpolitik.org\/wp-content\/uploads\/2026\/03\/20260227_154759_resized-scaled.jpg\" data-orig-size=\"2560,814\" data-comments-opened=\"0\" data-image-meta=\"{&quot;aperture&quot;:&quot;0&quot;,&quot;credit&quot;:&quot;&quot;,&quot;camera&quot;:&quot;&quot;,&quot;caption&quot;:&quot;&quot;,&quot;created_timestamp&quot;:&quot;0&quot;,&quot;copyright&quot;:&quot;&quot;,&quot;focal_length&quot;:&quot;0&quot;,&quot;iso&quot;:&quot;0&quot;,&quot;shutter_speed&quot;:&quot;0&quot;,&quot;title&quot;:&quot;&quot;,&quot;orientation&quot;:&quot;0&quot;}\" data-image-title=\"20260227_154759_resized\" data-image-description=\"\" data-image-caption=\"\" data-large-file=\"https:\/\/strukturpolitik.org\/wp-content\/uploads\/2026\/03\/20260227_154759_resized-2000x636.jpg\" src=\"https:\/\/strukturpolitik.org\/wp-content\/uploads\/2026\/03\/20260227_154759_resized-2000x636.jpg\" alt=\"\" class=\"wp-image-3657\" srcset=\"https:\/\/strukturpolitik.org\/wp-content\/uploads\/2026\/03\/20260227_154759_resized-2000x636.jpg 2000w, https:\/\/strukturpolitik.org\/wp-content\/uploads\/2026\/03\/20260227_154759_resized-300x95.jpg 300w, https:\/\/strukturpolitik.org\/wp-content\/uploads\/2026\/03\/20260227_154759_resized-768x244.jpg 768w, https:\/\/strukturpolitik.org\/wp-content\/uploads\/2026\/03\/20260227_154759_resized-1536x488.jpg 1536w, https:\/\/strukturpolitik.org\/wp-content\/uploads\/2026\/03\/20260227_154759_resized-2048x651.jpg 2048w\" sizes=\"auto, (max-width: 767px) 89vw, (max-width: 1000px) 54vw, (max-width: 1071px) 543px, 580px\" \/><figcaption class=\"wp-element-caption\">Foto: Frank Osterhoff<\/figcaption><\/figure>\n\n\n\n<p>Altlastensanierung, neue Erschlie\u00dfungskonzepte sowie ein harmonisch gestalteter \u00dcbergang zwischen Gewerbe- und Wohnnutzungen pr\u00e4gen das Projekt. Die Diskussion zeigte, dass die Aufgabe von gro\u00dffl\u00e4chigen Gewerbestandorten in einer traditionell expansionsverw\u00f6hnten Industrieregion einen kulturellen Wandel markiert.<\/p>\n\n\n\n<h3 class=\"wp-block-heading\">GreenFactory \u2013 Kreislaufwirtschaft in der Produktion<\/h3>\n\n\n\n<p>Am Campus Buschh\u00fctten in Kreuztal wurden wir durch Frau Dr. Gabriele Barten, Dr. hc. Axel Barten und Prof. Dr. Peter Burggr\u00e4f begr\u00fc\u00dft, die uns gemeinsam mit ihren Teams das REGIONALE-Projekt \u201eGreenFactory\u201c vorstellten. In einer umgenutzten Industriehalle arbeiten sechs Lehrst\u00fchle der Universit\u00e4t Siegen gemeinsam mit inzwischen fast 100 Unternehmen an Themen der Digitalisierung, KI und Circular Economy.<\/p>\n\n\n\n<figure class=\"wp-block-image size-large\"><img loading=\"lazy\" decoding=\"async\" width=\"1600\" height=\"1200\" data-attachment-id=\"3644\" data-permalink=\"https:\/\/strukturpolitik.org\/?attachment_id=3644\" data-orig-file=\"https:\/\/strukturpolitik.org\/wp-content\/uploads\/2026\/03\/20260227_162305-scaled.jpg\" data-orig-size=\"2560,1920\" data-comments-opened=\"0\" data-image-meta=\"{&quot;aperture&quot;:&quot;2.4&quot;,&quot;credit&quot;:&quot;&quot;,&quot;camera&quot;:&quot;SM-G970F&quot;,&quot;caption&quot;:&quot;&quot;,&quot;created_timestamp&quot;:&quot;1772209385&quot;,&quot;copyright&quot;:&quot;&quot;,&quot;focal_length&quot;:&quot;4.32&quot;,&quot;iso&quot;:&quot;50&quot;,&quot;shutter_speed&quot;:&quot;0.0062893081761006&quot;,&quot;title&quot;:&quot;&quot;,&quot;orientation&quot;:&quot;1&quot;}\" data-image-title=\"20260227_162305\" data-image-description=\"\" data-image-caption=\"\" data-large-file=\"https:\/\/strukturpolitik.org\/wp-content\/uploads\/2026\/03\/20260227_162305-1600x1200.jpg\" src=\"https:\/\/strukturpolitik.org\/wp-content\/uploads\/2026\/03\/20260227_162305-1600x1200.jpg\" alt=\"\" class=\"wp-image-3644\" srcset=\"https:\/\/strukturpolitik.org\/wp-content\/uploads\/2026\/03\/20260227_162305-1600x1200.jpg 1600w, https:\/\/strukturpolitik.org\/wp-content\/uploads\/2026\/03\/20260227_162305-300x225.jpg 300w, https:\/\/strukturpolitik.org\/wp-content\/uploads\/2026\/03\/20260227_162305-768x576.jpg 768w, https:\/\/strukturpolitik.org\/wp-content\/uploads\/2026\/03\/20260227_162305-1536x1152.jpg 1536w, https:\/\/strukturpolitik.org\/wp-content\/uploads\/2026\/03\/20260227_162305-2048x1536.jpg 2048w\" sizes=\"auto, (max-width: 767px) 89vw, (max-width: 1000px) 54vw, (max-width: 1071px) 543px, 580px\" \/><\/figure>\n\n\n\n<p>Die GreenFactory versteht sich als Demonstrations- und Lernfabrik:<\/p>\n\n\n\n<ul class=\"wp-block-list\">\n<li>Entwicklung zirkul\u00e4rer Produktionsprozesse,<\/li>\n\n\n\n<li>Materialforschung (z. B. hochwertiges Recycling von Aluminium),<\/li>\n\n\n\n<li>additive Fertigung mit Sekund\u00e4rrohstoffen,<\/li>\n\n\n\n<li>Integration von Sensorik in Produktionsanlagen und Werkstoffen.<\/li>\n<\/ul>\n\n\n\n<figure class=\"wp-block-image size-large\"><img loading=\"lazy\" decoding=\"async\" width=\"1600\" height=\"1200\" data-attachment-id=\"3645\" data-permalink=\"https:\/\/strukturpolitik.org\/?attachment_id=3645\" data-orig-file=\"https:\/\/strukturpolitik.org\/wp-content\/uploads\/2026\/03\/20260227_180838-scaled.jpg\" data-orig-size=\"2560,1920\" data-comments-opened=\"0\" data-image-meta=\"{&quot;aperture&quot;:&quot;2.2&quot;,&quot;credit&quot;:&quot;&quot;,&quot;camera&quot;:&quot;SM-G970F&quot;,&quot;caption&quot;:&quot;&quot;,&quot;created_timestamp&quot;:&quot;1772215718&quot;,&quot;copyright&quot;:&quot;&quot;,&quot;focal_length&quot;:&quot;1.8&quot;,&quot;iso&quot;:&quot;400&quot;,&quot;shutter_speed&quot;:&quot;0.03030303030303&quot;,&quot;title&quot;:&quot;&quot;,&quot;orientation&quot;:&quot;1&quot;}\" data-image-title=\"20260227_180838\" data-image-description=\"\" data-image-caption=\"\" data-large-file=\"https:\/\/strukturpolitik.org\/wp-content\/uploads\/2026\/03\/20260227_180838-1600x1200.jpg\" src=\"https:\/\/strukturpolitik.org\/wp-content\/uploads\/2026\/03\/20260227_180838-1600x1200.jpg\" alt=\"\" class=\"wp-image-3645\" srcset=\"https:\/\/strukturpolitik.org\/wp-content\/uploads\/2026\/03\/20260227_180838-1600x1200.jpg 1600w, https:\/\/strukturpolitik.org\/wp-content\/uploads\/2026\/03\/20260227_180838-300x225.jpg 300w, https:\/\/strukturpolitik.org\/wp-content\/uploads\/2026\/03\/20260227_180838-768x576.jpg 768w, https:\/\/strukturpolitik.org\/wp-content\/uploads\/2026\/03\/20260227_180838-1536x1152.jpg 1536w, https:\/\/strukturpolitik.org\/wp-content\/uploads\/2026\/03\/20260227_180838-2048x1536.jpg 2048w\" sizes=\"auto, (max-width: 767px) 89vw, (max-width: 1000px) 54vw, (max-width: 1071px) 543px, 580px\" \/><\/figure>\n\n\n\n<figure class=\"wp-block-image size-large\"><img loading=\"lazy\" decoding=\"async\" width=\"2000\" height=\"1125\" data-attachment-id=\"3701\" data-permalink=\"https:\/\/strukturpolitik.org\/?attachment_id=3701\" data-orig-file=\"https:\/\/strukturpolitik.org\/wp-content\/uploads\/2026\/03\/20260227_182127-1-scaled.jpg\" data-orig-size=\"2560,1440\" data-comments-opened=\"0\" data-image-meta=\"{&quot;aperture&quot;:&quot;1.7&quot;,&quot;credit&quot;:&quot;&quot;,&quot;camera&quot;:&quot;SM-G955F&quot;,&quot;caption&quot;:&quot;&quot;,&quot;created_timestamp&quot;:&quot;1772216486&quot;,&quot;copyright&quot;:&quot;&quot;,&quot;focal_length&quot;:&quot;4.2&quot;,&quot;iso&quot;:&quot;1250&quot;,&quot;shutter_speed&quot;:&quot;0.25&quot;,&quot;title&quot;:&quot;&quot;,&quot;orientation&quot;:&quot;1&quot;}\" data-image-title=\"20260227_182127-1\" data-image-description=\"\" data-image-caption=\"\" data-large-file=\"https:\/\/strukturpolitik.org\/wp-content\/uploads\/2026\/03\/20260227_182127-1-2000x1125.jpg\" src=\"https:\/\/strukturpolitik.org\/wp-content\/uploads\/2026\/03\/20260227_182127-1-2000x1125.jpg\" alt=\"\" class=\"wp-image-3701\" srcset=\"https:\/\/strukturpolitik.org\/wp-content\/uploads\/2026\/03\/20260227_182127-1-2000x1125.jpg 2000w, https:\/\/strukturpolitik.org\/wp-content\/uploads\/2026\/03\/20260227_182127-1-300x169.jpg 300w, https:\/\/strukturpolitik.org\/wp-content\/uploads\/2026\/03\/20260227_182127-1-768x432.jpg 768w, https:\/\/strukturpolitik.org\/wp-content\/uploads\/2026\/03\/20260227_182127-1-1536x864.jpg 1536w, https:\/\/strukturpolitik.org\/wp-content\/uploads\/2026\/03\/20260227_182127-1-2048x1152.jpg 2048w\" sizes=\"auto, (max-width: 767px) 89vw, (max-width: 1000px) 54vw, (max-width: 1071px) 543px, 580px\" \/><figcaption class=\"wp-element-caption\">Foto: Frank Osterhoff<\/figcaption><\/figure>\n\n\n\n<p>Der Projektstandort verdeutlicht, wie industrielle Kernkompetenzen der Region mit Transformationsanforderungen (Klimaschutz, Ressourceneffizienz) verkn\u00fcpft werden k\u00f6nnen. Gleichzeitig werden neue Formen des Transfers zwischen Wissenschaft und Mittelstand erprobt.<\/p>\n\n\n\n<hr class=\"wp-block-separator has-alpha-channel-opacity\"\/>\n\n\n\n<h2 class=\"wp-block-heading\">Station 3: Stadtentwicklung in Siegen<\/h2>\n\n\n\n<p>Der Samstag stand im Zeichen der Stadtentwicklung, die uns Stadtplanerin Marlene Krippendorf in Form eines Stadtrundgangs durch mehrere Innenstadt-Quartiere nahebrachte. Ausgangspunkt war das Projekt \u201eSiegen zu neuen Ufern\u201c (REGIONALE 2013), bei dem die zuvor \u00fcberdeckte Sieg freigelegt und das Innenstadtgef\u00fcge grundlegend neu geordnet wurde. Mit einem Investitionsvolumen von rund 23 Mio. Euro entstand ein \u00f6ffentlicher Raum mit hoher Aufenthaltsqualit\u00e4t und sp\u00fcrbaren privaten Folgeinvestitionen.<\/p>\n\n\n\n<figure class=\"wp-block-image size-large\"><img loading=\"lazy\" decoding=\"async\" width=\"1600\" height=\"1200\" data-attachment-id=\"3646\" data-permalink=\"https:\/\/strukturpolitik.org\/?attachment_id=3646\" data-orig-file=\"https:\/\/strukturpolitik.org\/wp-content\/uploads\/2026\/03\/20260228_091903-scaled.jpg\" data-orig-size=\"2560,1920\" data-comments-opened=\"0\" data-image-meta=\"{&quot;aperture&quot;:&quot;2.4&quot;,&quot;credit&quot;:&quot;&quot;,&quot;camera&quot;:&quot;SM-G970F&quot;,&quot;caption&quot;:&quot;&quot;,&quot;created_timestamp&quot;:&quot;1772270343&quot;,&quot;copyright&quot;:&quot;&quot;,&quot;focal_length&quot;:&quot;4.32&quot;,&quot;iso&quot;:&quot;50&quot;,&quot;shutter_speed&quot;:&quot;0.0038022813688213&quot;,&quot;title&quot;:&quot;&quot;,&quot;orientation&quot;:&quot;1&quot;}\" data-image-title=\"20260228_091903\" data-image-description=\"\" data-image-caption=\"\" data-large-file=\"https:\/\/strukturpolitik.org\/wp-content\/uploads\/2026\/03\/20260228_091903-1600x1200.jpg\" src=\"https:\/\/strukturpolitik.org\/wp-content\/uploads\/2026\/03\/20260228_091903-1600x1200.jpg\" alt=\"\" class=\"wp-image-3646\" srcset=\"https:\/\/strukturpolitik.org\/wp-content\/uploads\/2026\/03\/20260228_091903-1600x1200.jpg 1600w, https:\/\/strukturpolitik.org\/wp-content\/uploads\/2026\/03\/20260228_091903-300x225.jpg 300w, https:\/\/strukturpolitik.org\/wp-content\/uploads\/2026\/03\/20260228_091903-768x576.jpg 768w, https:\/\/strukturpolitik.org\/wp-content\/uploads\/2026\/03\/20260228_091903-1536x1152.jpg 1536w, https:\/\/strukturpolitik.org\/wp-content\/uploads\/2026\/03\/20260228_091903-2048x1536.jpg 2048w\" sizes=\"auto, (max-width: 767px) 89vw, (max-width: 1000px) 54vw, (max-width: 1071px) 543px, 580px\" \/><\/figure>\n\n\n\n<figure class=\"wp-block-image size-large\"><img loading=\"lazy\" decoding=\"async\" width=\"1600\" height=\"1200\" data-attachment-id=\"3671\" data-permalink=\"https:\/\/strukturpolitik.org\/?attachment_id=3671\" data-orig-file=\"https:\/\/strukturpolitik.org\/wp-content\/uploads\/2026\/03\/20260228_105029-scaled.jpg\" data-orig-size=\"2560,1920\" data-comments-opened=\"0\" data-image-meta=\"{&quot;aperture&quot;:&quot;2.4&quot;,&quot;credit&quot;:&quot;&quot;,&quot;camera&quot;:&quot;SM-G970F&quot;,&quot;caption&quot;:&quot;&quot;,&quot;created_timestamp&quot;:&quot;1772275830&quot;,&quot;copyright&quot;:&quot;&quot;,&quot;focal_length&quot;:&quot;4.32&quot;,&quot;iso&quot;:&quot;50&quot;,&quot;shutter_speed&quot;:&quot;0.0024813895781638&quot;,&quot;title&quot;:&quot;&quot;,&quot;orientation&quot;:&quot;1&quot;}\" data-image-title=\"20260228_105029\" data-image-description=\"\" data-image-caption=\"\" data-large-file=\"https:\/\/strukturpolitik.org\/wp-content\/uploads\/2026\/03\/20260228_105029-1600x1200.jpg\" src=\"https:\/\/strukturpolitik.org\/wp-content\/uploads\/2026\/03\/20260228_105029-1600x1200.jpg\" alt=\"\" class=\"wp-image-3671\" srcset=\"https:\/\/strukturpolitik.org\/wp-content\/uploads\/2026\/03\/20260228_105029-1600x1200.jpg 1600w, https:\/\/strukturpolitik.org\/wp-content\/uploads\/2026\/03\/20260228_105029-300x225.jpg 300w, https:\/\/strukturpolitik.org\/wp-content\/uploads\/2026\/03\/20260228_105029-768x576.jpg 768w, https:\/\/strukturpolitik.org\/wp-content\/uploads\/2026\/03\/20260228_105029-1536x1152.jpg 1536w, https:\/\/strukturpolitik.org\/wp-content\/uploads\/2026\/03\/20260228_105029-2048x1536.jpg 2048w\" sizes=\"auto, (max-width: 767px) 89vw, (max-width: 1000px) 54vw, (max-width: 1071px) 543px, 580px\" \/><\/figure>\n\n\n\n<p>Bei den weiteren Stationen beeindruckten u.a. die vielen Beispiele der strategischen Verzahnung von Hochschulentwicklung und Stadtumbau, u.a.:<\/p>\n\n\n\n<ul class=\"wp-block-list\">\n<li>Verlagerung universit\u00e4rer Einrichtungen in die Innenstadt,<\/li>\n\n\n\n<li>Umnutzung ehemaliger Kaufhaus- und Verwaltungsgeb\u00e4ude,<\/li>\n\n\n\n<li>Neuordnung des Schlossumfelds und Erweiterung des Siegerlandmuseums (REGIONALE 2025-Projekt).<\/li>\n<\/ul>\n\n\n\n<p>Der Austausch machte deutlich, wie sehr Hochschulen als Impulsgeber und Chance f\u00fcr die urbane Transformation wirken k\u00f6nnen.<\/p>\n\n\n\n<hr class=\"wp-block-separator has-alpha-channel-opacity\"\/>\n\n\n\n<h2 class=\"wp-block-heading\">eleQtron: Quantencomputing aus Siegen<\/h2>\n\n\n\n<p>Abschlie\u00dfender H\u00f6hepunkt war der Besuch beim Start-up eleQtron GmbH in Siegen. Gr\u00fcnder und CEO Jan Leisse sowie CTO Michael Johanning erl\u00e4uterten die Entwicklung des Unternehmens aus der universit\u00e4ren Forschung heraus. <\/p>\n\n\n\n<figure class=\"wp-block-image size-large\"><img loading=\"lazy\" decoding=\"async\" width=\"1600\" height=\"1200\" data-attachment-id=\"3651\" data-permalink=\"https:\/\/strukturpolitik.org\/?attachment_id=3651\" data-orig-file=\"https:\/\/strukturpolitik.org\/wp-content\/uploads\/2026\/03\/20260228_121422-scaled.jpg\" data-orig-size=\"2560,1920\" data-comments-opened=\"0\" data-image-meta=\"{&quot;aperture&quot;:&quot;2.4&quot;,&quot;credit&quot;:&quot;&quot;,&quot;camera&quot;:&quot;SM-G970F&quot;,&quot;caption&quot;:&quot;&quot;,&quot;created_timestamp&quot;:&quot;1772280862&quot;,&quot;copyright&quot;:&quot;&quot;,&quot;focal_length&quot;:&quot;4.32&quot;,&quot;iso&quot;:&quot;160&quot;,&quot;shutter_speed&quot;:&quot;0.0083333333333333&quot;,&quot;title&quot;:&quot;&quot;,&quot;orientation&quot;:&quot;1&quot;}\" data-image-title=\"20260228_121422\" data-image-description=\"\" data-image-caption=\"\" data-large-file=\"https:\/\/strukturpolitik.org\/wp-content\/uploads\/2026\/03\/20260228_121422-1600x1200.jpg\" src=\"https:\/\/strukturpolitik.org\/wp-content\/uploads\/2026\/03\/20260228_121422-1600x1200.jpg\" alt=\"\" class=\"wp-image-3651\" srcset=\"https:\/\/strukturpolitik.org\/wp-content\/uploads\/2026\/03\/20260228_121422-1600x1200.jpg 1600w, https:\/\/strukturpolitik.org\/wp-content\/uploads\/2026\/03\/20260228_121422-300x225.jpg 300w, https:\/\/strukturpolitik.org\/wp-content\/uploads\/2026\/03\/20260228_121422-768x576.jpg 768w, https:\/\/strukturpolitik.org\/wp-content\/uploads\/2026\/03\/20260228_121422-1536x1152.jpg 1536w, https:\/\/strukturpolitik.org\/wp-content\/uploads\/2026\/03\/20260228_121422-2048x1536.jpg 2048w\" sizes=\"auto, (max-width: 767px) 89vw, (max-width: 1000px) 54vw, (max-width: 1071px) 543px, 580px\" \/><\/figure>\n\n\n\n<figure class=\"wp-block-image size-large\"><img loading=\"lazy\" decoding=\"async\" width=\"1600\" height=\"1200\" data-attachment-id=\"3649\" data-permalink=\"https:\/\/strukturpolitik.org\/?attachment_id=3649\" data-orig-file=\"https:\/\/strukturpolitik.org\/wp-content\/uploads\/2026\/03\/20260228_113806-scaled.jpg\" data-orig-size=\"2560,1920\" data-comments-opened=\"0\" data-image-meta=\"{&quot;aperture&quot;:&quot;2.4&quot;,&quot;credit&quot;:&quot;&quot;,&quot;camera&quot;:&quot;SM-G970F&quot;,&quot;caption&quot;:&quot;&quot;,&quot;created_timestamp&quot;:&quot;1772278686&quot;,&quot;copyright&quot;:&quot;&quot;,&quot;focal_length&quot;:&quot;4.32&quot;,&quot;iso&quot;:&quot;125&quot;,&quot;shutter_speed&quot;:&quot;0.01&quot;,&quot;title&quot;:&quot;&quot;,&quot;orientation&quot;:&quot;1&quot;}\" data-image-title=\"20260228_113806\" data-image-description=\"\" data-image-caption=\"\" data-large-file=\"https:\/\/strukturpolitik.org\/wp-content\/uploads\/2026\/03\/20260228_113806-1600x1200.jpg\" src=\"https:\/\/strukturpolitik.org\/wp-content\/uploads\/2026\/03\/20260228_113806-1600x1200.jpg\" alt=\"\" class=\"wp-image-3649\" srcset=\"https:\/\/strukturpolitik.org\/wp-content\/uploads\/2026\/03\/20260228_113806-1600x1200.jpg 1600w, https:\/\/strukturpolitik.org\/wp-content\/uploads\/2026\/03\/20260228_113806-300x225.jpg 300w, https:\/\/strukturpolitik.org\/wp-content\/uploads\/2026\/03\/20260228_113806-768x576.jpg 768w, https:\/\/strukturpolitik.org\/wp-content\/uploads\/2026\/03\/20260228_113806-1536x1152.jpg 1536w, https:\/\/strukturpolitik.org\/wp-content\/uploads\/2026\/03\/20260228_113806-2048x1536.jpg 2048w\" sizes=\"auto, (max-width: 767px) 89vw, (max-width: 1000px) 54vw, (max-width: 1071px) 543px, 580px\" \/><\/figure>\n\n\n\n<figure class=\"wp-block-image size-large\"><img loading=\"lazy\" decoding=\"async\" width=\"900\" height=\"1200\" data-attachment-id=\"3654\" data-permalink=\"https:\/\/strukturpolitik.org\/?attachment_id=3654\" data-orig-file=\"https:\/\/strukturpolitik.org\/wp-content\/uploads\/2026\/03\/20260228_121251-scaled.jpg\" data-orig-size=\"1920,2560\" data-comments-opened=\"0\" data-image-meta=\"{&quot;aperture&quot;:&quot;2.4&quot;,&quot;credit&quot;:&quot;&quot;,&quot;camera&quot;:&quot;SM-G970F&quot;,&quot;caption&quot;:&quot;&quot;,&quot;created_timestamp&quot;:&quot;1772280771&quot;,&quot;copyright&quot;:&quot;&quot;,&quot;focal_length&quot;:&quot;4.32&quot;,&quot;iso&quot;:&quot;100&quot;,&quot;shutter_speed&quot;:&quot;0.01&quot;,&quot;title&quot;:&quot;&quot;,&quot;orientation&quot;:&quot;1&quot;}\" data-image-title=\"20260228_121251\" data-image-description=\"\" data-image-caption=\"\" data-large-file=\"https:\/\/strukturpolitik.org\/wp-content\/uploads\/2026\/03\/20260228_121251-900x1200.jpg\" src=\"https:\/\/strukturpolitik.org\/wp-content\/uploads\/2026\/03\/20260228_121251-900x1200.jpg\" alt=\"\" class=\"wp-image-3654\" srcset=\"https:\/\/strukturpolitik.org\/wp-content\/uploads\/2026\/03\/20260228_121251-900x1200.jpg 900w, https:\/\/strukturpolitik.org\/wp-content\/uploads\/2026\/03\/20260228_121251-225x300.jpg 225w, https:\/\/strukturpolitik.org\/wp-content\/uploads\/2026\/03\/20260228_121251-768x1024.jpg 768w, https:\/\/strukturpolitik.org\/wp-content\/uploads\/2026\/03\/20260228_121251-1152x1536.jpg 1152w, https:\/\/strukturpolitik.org\/wp-content\/uploads\/2026\/03\/20260228_121251-1536x2048.jpg 1536w, https:\/\/strukturpolitik.org\/wp-content\/uploads\/2026\/03\/20260228_121251-scaled.jpg 1920w\" sizes=\"auto, (max-width: 767px) 89vw, (max-width: 1000px) 54vw, (max-width: 1071px) 543px, 580px\" \/><\/figure>\n\n\n\n<p>eleQtron arbeitet mit Ionenfallen-Technologie und entwickelt skalierbare Quantencomputer, die komplexe Optimierungsprobleme \u2013 etwa in Logistik oder Materialforschung \u2013 perspektivisch deutlich effizienter l\u00f6sen k\u00f6nnen als klassische Rechner.<\/p>\n\n\n\n<figure class=\"wp-block-image size-large\"><img loading=\"lazy\" decoding=\"async\" width=\"900\" height=\"1200\" data-attachment-id=\"3652\" data-permalink=\"https:\/\/strukturpolitik.org\/?attachment_id=3652\" data-orig-file=\"https:\/\/strukturpolitik.org\/wp-content\/uploads\/2026\/03\/20260228_122806-scaled.jpg\" data-orig-size=\"1920,2560\" data-comments-opened=\"0\" data-image-meta=\"{&quot;aperture&quot;:&quot;2.4&quot;,&quot;credit&quot;:&quot;&quot;,&quot;camera&quot;:&quot;SM-G970F&quot;,&quot;caption&quot;:&quot;&quot;,&quot;created_timestamp&quot;:&quot;1772281687&quot;,&quot;copyright&quot;:&quot;&quot;,&quot;focal_length&quot;:&quot;4.32&quot;,&quot;iso&quot;:&quot;400&quot;,&quot;shutter_speed&quot;:&quot;0.02&quot;,&quot;title&quot;:&quot;&quot;,&quot;orientation&quot;:&quot;1&quot;}\" data-image-title=\"20260228_122806\" data-image-description=\"\" data-image-caption=\"\" data-large-file=\"https:\/\/strukturpolitik.org\/wp-content\/uploads\/2026\/03\/20260228_122806-900x1200.jpg\" src=\"https:\/\/strukturpolitik.org\/wp-content\/uploads\/2026\/03\/20260228_122806-900x1200.jpg\" alt=\"\" class=\"wp-image-3652\" srcset=\"https:\/\/strukturpolitik.org\/wp-content\/uploads\/2026\/03\/20260228_122806-900x1200.jpg 900w, https:\/\/strukturpolitik.org\/wp-content\/uploads\/2026\/03\/20260228_122806-225x300.jpg 225w, https:\/\/strukturpolitik.org\/wp-content\/uploads\/2026\/03\/20260228_122806-768x1024.jpg 768w, https:\/\/strukturpolitik.org\/wp-content\/uploads\/2026\/03\/20260228_122806-1152x1536.jpg 1152w, https:\/\/strukturpolitik.org\/wp-content\/uploads\/2026\/03\/20260228_122806-1536x2048.jpg 1536w, https:\/\/strukturpolitik.org\/wp-content\/uploads\/2026\/03\/20260228_122806-scaled.jpg 1920w\" sizes=\"auto, (max-width: 767px) 89vw, (max-width: 1000px) 54vw, (max-width: 1071px) 543px, 580px\" \/><\/figure>\n\n\n\n<figure class=\"wp-block-image size-large\"><img loading=\"lazy\" decoding=\"async\" width=\"1800\" height=\"1200\" data-attachment-id=\"3686\" data-permalink=\"https:\/\/strukturpolitik.org\/?attachment_id=3686\" data-orig-file=\"https:\/\/strukturpolitik.org\/wp-content\/uploads\/2026\/03\/IMG_0808-scaled.jpg\" data-orig-size=\"2560,1707\" data-comments-opened=\"0\" data-image-meta=\"{&quot;aperture&quot;:&quot;3.5&quot;,&quot;credit&quot;:&quot;&quot;,&quot;camera&quot;:&quot;Canon EOS R50&quot;,&quot;caption&quot;:&quot;&quot;,&quot;created_timestamp&quot;:&quot;1772282929&quot;,&quot;copyright&quot;:&quot;&quot;,&quot;focal_length&quot;:&quot;18&quot;,&quot;iso&quot;:&quot;800&quot;,&quot;shutter_speed&quot;:&quot;0.016666666666667&quot;,&quot;title&quot;:&quot;&quot;,&quot;orientation&quot;:&quot;1&quot;}\" data-image-title=\"IMG_0808\" data-image-description=\"\" data-image-caption=\"\" data-large-file=\"https:\/\/strukturpolitik.org\/wp-content\/uploads\/2026\/03\/IMG_0808-1800x1200.jpg\" src=\"https:\/\/strukturpolitik.org\/wp-content\/uploads\/2026\/03\/IMG_0808-1800x1200.jpg\" alt=\"\" class=\"wp-image-3686\" srcset=\"https:\/\/strukturpolitik.org\/wp-content\/uploads\/2026\/03\/IMG_0808-1800x1200.jpg 1800w, https:\/\/strukturpolitik.org\/wp-content\/uploads\/2026\/03\/IMG_0808-300x200.jpg 300w, https:\/\/strukturpolitik.org\/wp-content\/uploads\/2026\/03\/IMG_0808-768x512.jpg 768w, https:\/\/strukturpolitik.org\/wp-content\/uploads\/2026\/03\/IMG_0808-1536x1024.jpg 1536w, https:\/\/strukturpolitik.org\/wp-content\/uploads\/2026\/03\/IMG_0808-2048x1365.jpg 2048w\" sizes=\"auto, (max-width: 767px) 89vw, (max-width: 1000px) 54vw, (max-width: 1071px) 543px, 580px\" \/><figcaption class=\"wp-element-caption\">Foto: eleQtron GmbH<\/figcaption><\/figure>\n\n\n\n<p>Die Ausgr\u00fcndung steht exemplarisch f\u00fcr das Potenzial regional verankerter Deep-Tech-\u00d6kosysteme: enge Anbindung an die Universit\u00e4t, Unterst\u00fctzung durch Bundesprogramme und Risikokapital sowie erste Auftr\u00e4ge u. a. aus dem Umfeld von DLR und Forschungszentrum J\u00fclich.<\/p>\n\n\n\n<hr class=\"wp-block-separator has-alpha-channel-opacity\"\/>\n\n\n\n<h2 class=\"wp-block-heading\">Fazit<\/h2>\n\n\n\n<p>Die Exkursion verdeutlichte, dass S\u00fcdwestfalen seine industrielle St\u00e4rke mit kooperativen Governance-Strukturen und einem breiten Transformationsansatz verbindet. Auff\u00e4llig ist die institutionelle Verstetigung der Zusammenarbeit \u00fcber Projektzyklen hinaus sowie die konsequente Einbindung von Wirtschaft, Hochschulen und Kommunen.<\/p>\n\n\n\n<figure class=\"wp-block-image size-large\"><img loading=\"lazy\" decoding=\"async\" width=\"2000\" height=\"1125\" data-attachment-id=\"3674\" data-permalink=\"https:\/\/strukturpolitik.org\/?attachment_id=3674\" data-orig-file=\"https:\/\/strukturpolitik.org\/wp-content\/uploads\/2026\/03\/NEU_IMG_6413-2.jpg\" data-orig-size=\"2560,1440\" data-comments-opened=\"0\" data-image-meta=\"{&quot;aperture&quot;:&quot;0&quot;,&quot;credit&quot;:&quot;&quot;,&quot;camera&quot;:&quot;&quot;,&quot;caption&quot;:&quot;&quot;,&quot;created_timestamp&quot;:&quot;0&quot;,&quot;copyright&quot;:&quot;&quot;,&quot;focal_length&quot;:&quot;0&quot;,&quot;iso&quot;:&quot;0&quot;,&quot;shutter_speed&quot;:&quot;0&quot;,&quot;title&quot;:&quot;&quot;,&quot;orientation&quot;:&quot;0&quot;}\" data-image-title=\"NEU_IMG_6413 2\" data-image-description=\"\" data-image-caption=\"\" data-large-file=\"https:\/\/strukturpolitik.org\/wp-content\/uploads\/2026\/03\/NEU_IMG_6413-2-2000x1125.jpg\" src=\"https:\/\/strukturpolitik.org\/wp-content\/uploads\/2026\/03\/NEU_IMG_6413-2-2000x1125.jpg\" alt=\"\" class=\"wp-image-3674\" srcset=\"https:\/\/strukturpolitik.org\/wp-content\/uploads\/2026\/03\/NEU_IMG_6413-2-2000x1125.jpg 2000w, https:\/\/strukturpolitik.org\/wp-content\/uploads\/2026\/03\/NEU_IMG_6413-2-300x169.jpg 300w, https:\/\/strukturpolitik.org\/wp-content\/uploads\/2026\/03\/NEU_IMG_6413-2-768x432.jpg 768w, https:\/\/strukturpolitik.org\/wp-content\/uploads\/2026\/03\/NEU_IMG_6413-2-1536x864.jpg 1536w, https:\/\/strukturpolitik.org\/wp-content\/uploads\/2026\/03\/NEU_IMG_6413-2-2048x1152.jpg 2048w\" sizes=\"auto, (max-width: 767px) 89vw, (max-width: 1000px) 54vw, (max-width: 1071px) 543px, 580px\" \/><figcaption class=\"wp-element-caption\">Foto: S\u00fcdwestfalen-Agentur<\/figcaption><\/figure>\n\n\n\n<p>F\u00fcr die Gesellschaft f\u00fcr Strukturpolitik bot die Reise vielf\u00e4ltige Ankn\u00fcpfungspunkte:<\/p>\n\n\n\n<ul class=\"wp-block-list\">\n<li>Rolle regionaler Strukturgesellschaften,<\/li>\n\n\n\n<li>Verbindung von EFRE-Programmatik und regionaler Eigenstrategie,<\/li>\n\n\n\n<li>Fachkr\u00e4ftesicherung als Querschnittsaufgabe,<\/li>\n\n\n\n<li>Transformation industrieller Kerne durch Kreislaufwirtschaft und Digitalisierung.<\/li>\n<\/ul>\n\n\n\n<p>Die Gespr\u00e4che best\u00e4tigten, dass der \u201es\u00fcdwestf\u00e4lische Weg\u201c weniger auf spektakul\u00e4ren Einzelprojekten als auf langfristig gewachsenen Kooperationsbeziehungen basiert \u2013 und gerade darin seine strukturpolitische Relevanz entfaltet.<\/p>\n\n\n\n<p><strong>Ganz herzlichen Dank an unsere Gastgeberin S\u00fcdwestfalen Agentur sowie die Referierenden vor Ort.<\/strong><\/p>\n","protected":false},"excerpt":{"rendered":"<p>Im Nachgang zur Jahrestagung in Bochum lud uns die S\u00fcdwestfalen Agentur am 27. und 28. Februar 2026 zu einer Fachexkursion ein. Ziel war es, die aktuellen Entwicklungen der REGIONALE 2025 im Austausch mit Akteuren vor Ort zu analysieren. S\u00fcdwestfalen, das bereits 2013 Austragungsort war, nutzt dieses strukturpolitische Instrument des Landes Nordrhein-Westfalen zum zweiten Mal, um &hellip; <\/p>\n<p class=\"link-more\"><a href=\"https:\/\/strukturpolitik.org\/?p=3617\" class=\"more-link\"><span class=\"screen-reader-text\">\u201eGfS vor Ort bei der REGIONALE S\u00fcdwestfalen: &#8222;Der s\u00fcdwestf\u00e4lische Weg&#8220;\u201c <\/span>weiterlesen<\/a><\/p>\n","protected":false},"author":1,"featured_media":3661,"comment_status":"closed","ping_status":"open","sticky":false,"template":"","format":"standard","meta":{"jetpack_post_was_ever_published":true,"_jetpack_newsletter_access":"","_jetpack_dont_email_post_to_subs":false,"_jetpack_newsletter_tier_id":0,"_jetpack_memberships_contains_paywalled_content":false,"_jetpack_memberships_contains_paid_content":false,"footnotes":""},"categories":[13],"tags":[35,21,33,31,39,24],"class_list":["post-3617","post","type-post","status-publish","format-standard","has-post-thumbnail","hentry","category-veranstaltungen","tag-planung","tag-digitalisierung","tag-umwelt","tag-fachkraefte","tag-exkursion","tag-regionalmanagement"],"jetpack_featured_media_url":"https:\/\/strukturpolitik.org\/wp-content\/uploads\/2026\/03\/regionale_suedwestfalen_wp2017_2000x1200_titel_oben_drittel-2.jpg","jetpack_shortlink":"https:\/\/wp.me\/p9D9ML-Wl","jetpack_sharing_enabled":true,"_links":{"self":[{"href":"https:\/\/strukturpolitik.org\/index.php?rest_route=\/wp\/v2\/posts\/3617","targetHints":{"allow":["GET"]}}],"collection":[{"href":"https:\/\/strukturpolitik.org\/index.php?rest_route=\/wp\/v2\/posts"}],"about":[{"href":"https:\/\/strukturpolitik.org\/index.php?rest_route=\/wp\/v2\/types\/post"}],"author":[{"embeddable":true,"href":"https:\/\/strukturpolitik.org\/index.php?rest_route=\/wp\/v2\/users\/1"}],"replies":[{"embeddable":true,"href":"https:\/\/strukturpolitik.org\/index.php?rest_route=%2Fwp%2Fv2%2Fcomments&post=3617"}],"version-history":[{"count":31,"href":"https:\/\/strukturpolitik.org\/index.php?rest_route=\/wp\/v2\/posts\/3617\/revisions"}],"predecessor-version":[{"id":3702,"href":"https:\/\/strukturpolitik.org\/index.php?rest_route=\/wp\/v2\/posts\/3617\/revisions\/3702"}],"wp:featuredmedia":[{"embeddable":true,"href":"https:\/\/strukturpolitik.org\/index.php?rest_route=\/wp\/v2\/media\/3661"}],"wp:attachment":[{"href":"https:\/\/strukturpolitik.org\/index.php?rest_route=%2Fwp%2Fv2%2Fmedia&parent=3617"}],"wp:term":[{"taxonomy":"category","embeddable":true,"href":"https:\/\/strukturpolitik.org\/index.php?rest_route=%2Fwp%2Fv2%2Fcategories&post=3617"},{"taxonomy":"post_tag","embeddable":true,"href":"https:\/\/strukturpolitik.org\/index.php?rest_route=%2Fwp%2Fv2%2Ftags&post=3617"}],"curies":[{"name":"wp","href":"https:\/\/api.w.org\/{rel}","templated":true}]}}